{"id":3942,"date":"2025-03-31T13:27:16","date_gmt":"2025-03-31T11:27:16","guid":{"rendered":"https:\/\/www.studiotangoargentino.com\/?p=3942"},"modified":"2025-03-31T13:34:40","modified_gmt":"2025-03-31T11:34:40","slug":"milonga-ven-4-avril-precedee-par-vernissage-dexpo-de-elisabeth-gilbert-dragic","status":"publish","type":"post","link":"http:\/\/www.studiotangoargentino.com\/?p=3942","title":{"rendered":"Milonga Ven. 4\/04 + Vernissage d&rsquo;Expo"},"content":{"rendered":"\n<p>Studio Tango Argentino vous propose une&nbsp;<strong>Milonga ce Vendredi 4 avril 2025<\/strong>&nbsp;\u00e0 partir de<strong>&nbsp;20:30<\/strong>, pr\u00e9c\u00e9d\u00e9e du <strong>Vernissage d\u2019Exposition de Elisabeth Gilbert Dragic <\/strong>\u00e0 partir de 19h00 au Studio 25 rue du Doyenn\u00e9 69005 Metro Vieux Lyon<strong>.<\/strong><br><br>La musique sera bien vari\u00e9e, des Tangos traditionnels classiques et modernes et aussi quelque musique alternative, tout au long de la soir\u00e9e.<\/p>\n\n\n\n<p>Venez arpenter notre superbe parquet suspendu, apportez vos chaussures, votre bonne humeur, votre envie de danser et d\u2019\u00e9changer, un bar associatif sera mis en place pour vos petites faims et soifs, l\u2019\u00e9quipe de Studio Tango Argentino sera heureuse de vous accueillir.<br><br><strong>Tarifs:\u00a0<\/strong><br>10\u20ac pour les non adh\u00e9rents \u00e0 STA\u00a0<br>7\u20ac pour les adh\u00e9rents \u00e0 STA (ou tarif r\u00e9duit : ch\u00f4meurs, -26 ans, intermittents)\u00a0<br>Adh\u00e9sion \u00e0 STA 20\u20ac (non obligatoire)<br><br><strong>Horaires:<\/strong><br>de 19h00 \u00e0 20h30 (Vernissage, gratuit)<br>de 20h30 \u00e0 1h00 (Milonga)<br><br><strong>Lieu:<\/strong><br>Le Studio<br><strong>25 rue du Doyenn\u00e9<\/strong><br>69005 Lyon<br>M\u00e9tro Vieux Lyon<br>Parking LPA Saint Georges<br>Station Velov\u2019.<\/p>\n\n\n\n<p><br><img fetchpriority=\"high\" decoding=\"async\" width=\"1000\" height=\"400\" class=\"wp-image-3939\" style=\"width: 1000px;\" src=\"http:\/\/www.studiotangoargentino.com\/wp-content\/uploads\/2025\/03\/Vernissage-Expo-Elisabeth-Gilbert-Dragic.jpg\" alt=\"\" srcset=\"http:\/\/www.studiotangoargentino.com\/wp-content\/uploads\/2025\/03\/Vernissage-Expo-Elisabeth-Gilbert-Dragic.jpg 1000w, http:\/\/www.studiotangoargentino.com\/wp-content\/uploads\/2025\/03\/Vernissage-Expo-Elisabeth-Gilbert-Dragic-300x120.jpg 300w, http:\/\/www.studiotangoargentino.com\/wp-content\/uploads\/2025\/03\/Vernissage-Expo-Elisabeth-Gilbert-Dragic-768x307.jpg 768w\" sizes=\"(max-width: 1000px) 100vw, 1000px\" \/><\/p>\n\n\n\n<p><\/p>\n","protected":false},"excerpt":{"rendered":"<p>Studio Tango Argentino vous propose une&nbsp;Milonga ce Vendredi 4 avril 2025&nbsp;\u00e0 partir de&nbsp;20:30, pr\u00e9c\u00e9d\u00e9e du Vernissage d\u2019Exposition de Elisabeth Gilbert Dragic \u00e0 partir de 19h00 au Studio 25 rue du Doyenn\u00e9 69005 Metro Vieux Lyon. La musique sera bien vari\u00e9e, des Tangos traditionnels classiques et modernes et aussi quelque musique alternative, tout au long de [&hellip;]<\/p>\n","protected":false},"author":1,"featured_media":3943,"comment_status":"open","ping_status":"open","sticky":false,"template":"","format":"standard","meta":{"ocean_post_layout":"","ocean_both_sidebars_style":"","ocean_both_sidebars_content_width":0,"ocean_both_sidebars_sidebars_width":0,"ocean_sidebar":"0","ocean_second_sidebar":"0","ocean_disable_margins":"enable","ocean_add_body_class":"","ocean_shortcode_before_top_bar":"","ocean_shortcode_after_top_bar":"","ocean_shortcode_before_header":"","ocean_shortcode_after_header":"","ocean_has_shortcode":"","ocean_shortcode_after_title":"","ocean_shortcode_before_footer_widgets":"","ocean_shortcode_after_footer_widgets":"","ocean_shortcode_before_footer_bottom":"","ocean_shortcode_after_footer_bottom":"","ocean_display_top_bar":"default","ocean_display_header":"default","ocean_header_style":"","ocean_center_header_left_menu":"0","ocean_custom_header_template":"0","ocean_custom_logo":0,"ocean_custom_retina_logo":0,"ocean_custom_logo_max_width":0,"ocean_custom_logo_tablet_max_width":0,"ocean_custom_logo_mobile_max_width":0,"ocean_custom_logo_max_height":0,"ocean_custom_logo_tablet_max_height":0,"ocean_custom_logo_mobile_max_height":0,"ocean_header_custom_menu":"0","ocean_menu_typo_font_family":"0","ocean_menu_typo_font_subset":"","ocean_menu_typo_font_size":0,"ocean_menu_typo_font_size_tablet":0,"ocean_menu_typo_font_size_mobile":0,"ocean_menu_typo_font_size_unit":"px","ocean_menu_typo_font_weight":"","ocean_menu_typo_font_weight_tablet":"","ocean_menu_typo_font_weight_mobile":"","ocean_menu_typo_transform":"","ocean_menu_typo_transform_tablet":"","ocean_menu_typo_transform_mobile":"","ocean_menu_typo_line_height":0,"ocean_menu_typo_line_height_tablet":0,"ocean_menu_typo_line_height_mobile":0,"ocean_menu_typo_line_height_unit":"","ocean_menu_typo_spacing":0,"ocean_menu_typo_spacing_tablet":0,"ocean_menu_typo_spacing_mobile":0,"ocean_menu_typo_spacing_unit":"","ocean_menu_link_color":"","ocean_menu_link_color_hover":"","ocean_menu_link_color_active":"","ocean_menu_link_background":"","ocean_menu_link_hover_background":"","ocean_menu_link_active_background":"","ocean_menu_social_links_bg":"","ocean_menu_social_hover_links_bg":"","ocean_menu_social_links_color":"","ocean_menu_social_hover_links_color":"","ocean_disable_title":"default","ocean_disable_heading":"default","ocean_post_title":"Milonga pr\u00e9c\u00e9d\u00e9e par le Vernissage d'Expo de Elisabeth Gilbert Dragic","ocean_post_subheading":"Vendredi 4 avril 2025","ocean_post_title_style":"","ocean_post_title_background_color":"","ocean_post_title_background":0,"ocean_post_title_bg_image_position":"","ocean_post_title_bg_image_attachment":"","ocean_post_title_bg_image_repeat":"","ocean_post_title_bg_image_size":"","ocean_post_title_height":0,"ocean_post_title_bg_overlay":0.5,"ocean_post_title_bg_overlay_color":"","ocean_disable_breadcrumbs":"default","ocean_breadcrumbs_color":"","ocean_breadcrumbs_separator_color":"","ocean_breadcrumbs_links_color":"","ocean_breadcrumbs_links_hover_color":"","ocean_display_footer_widgets":"default","ocean_display_footer_bottom":"default","ocean_custom_footer_template":"0","ocean_post_oembed":"","ocean_post_self_hosted_media":"","ocean_post_video_embed":"","ocean_link_format":"","ocean_link_format_target":"self","ocean_quote_format":"","ocean_quote_format_link":"post","ocean_gallery_link_images":"off","ocean_gallery_id":[],"footnotes":""},"categories":[10,9],"tags":[],"class_list":["post-3942","post","type-post","status-publish","format-standard","has-post-thumbnail","hentry","category-actualite","category-bals-milongas","entry","has-media"],"_links":{"self":[{"href":"http:\/\/www.studiotangoargentino.com\/index.php?rest_route=\/wp\/v2\/posts\/3942","targetHints":{"allow":["GET"]}}],"collection":[{"href":"http:\/\/www.studiotangoargentino.com\/index.php?rest_route=\/wp\/v2\/posts"}],"about":[{"href":"http:\/\/www.studiotangoargentino.com\/index.php?rest_route=\/wp\/v2\/types\/post"}],"author":[{"embeddable":true,"href":"http:\/\/www.studiotangoargentino.com\/index.php?rest_route=\/wp\/v2\/users\/1"}],"replies":[{"embeddable":true,"href":"http:\/\/www.studiotangoargentino.com\/index.php?rest_route=%2Fwp%2Fv2%2Fcomments&post=3942"}],"version-history":[{"count":6,"href":"http:\/\/www.studiotangoargentino.com\/index.php?rest_route=\/wp\/v2\/posts\/3942\/revisions"}],"predecessor-version":[{"id":3951,"href":"http:\/\/www.studiotangoargentino.com\/index.php?rest_route=\/wp\/v2\/posts\/3942\/revisions\/3951"}],"wp:featuredmedia":[{"embeddable":true,"href":"http:\/\/www.studiotangoargentino.com\/index.php?rest_route=\/wp\/v2\/media\/3943"}],"wp:attachment":[{"href":"http:\/\/www.studiotangoargentino.com\/index.php?rest_route=%2Fwp%2Fv2%2Fmedia&parent=3942"}],"wp:term":[{"taxonomy":"category","embeddable":true,"href":"http:\/\/www.studiotangoargentino.com\/index.php?rest_route=%2Fwp%2Fv2%2Fcategories&post=3942"},{"taxonomy":"post_tag","embeddable":true,"href":"http:\/\/www.studiotangoargentino.com\/index.php?rest_route=%2Fwp%2Fv2%2Ftags&post=3942"}],"curies":[{"name":"wp","href":"https:\/\/api.w.org\/{rel}","templated":true}]}}