{"id":2189,"date":"2023-08-21T22:49:17","date_gmt":"2023-08-21T20:49:17","guid":{"rendered":"https:\/\/www.studiotangoargentino.com\/?p=2189"},"modified":"2023-08-21T22:52:24","modified_gmt":"2023-08-21T20:52:24","slug":"fusion-artistique-inedite-marc-hanniet-presente-son-devernissage-accompagne-dun-concert-evenement","status":"publish","type":"post","link":"http:\/\/www.studiotangoargentino.com\/?p=2189","title":{"rendered":"Fusion Artistique In\u00e9dite: D\u00e9vernissage Accompagn\u00e9 d&rsquo;un Concert \u00c9v\u00e9nement"},"content":{"rendered":"\n<p>Dans une convergence captivante de cr\u00e9ativit\u00e9 artistique, l&rsquo;artiste Marc HANNIET s&rsquo;appr\u00eate \u00e0 enchanter les sens et l&rsquo;\u00e2me avec une soir\u00e9e culturelle d&rsquo;exception. Un vernissage artistique novateur fusionnera avec les m\u00e9lodies envo\u00fbtantes d&rsquo;un concert live, offrant ainsi une exp\u00e9rience immersive unique qui \u00e9veillera l&rsquo;esprit et ravira les sens.<\/p>\n\n\n\n<p>Les portes du Studio Art Gallery s&rsquo;ouvriront une derni\u00e8re fois sur cette exposition visuelle extraordinaire lors du d\u00e9vernissage. Les \u0153uvres de Marc HANNIET sont saisissantes, impr\u00e9gn\u00e9es de profondeur \u00e9motionnelle et de perspectives uniques. Elles capturent l&rsquo;attention des amateurs d&rsquo;art et des curieux. Chaque tableau raconte une histoire, invite \u00e0 la contemplation et explore les dimensions de l&rsquo;expression artistique contemporaine.<\/p>\n\n\n\n<p>Mais ce n&rsquo;est pas tout. L&rsquo;exp\u00e9rience artistique sera sublim\u00e9e par les harmonies envo\u00fbtantes d&rsquo;un concert live soigneusement orchestr\u00e9. Marc HANNIET, non seulement ma\u00eetre des pinceaux, mais \u00e9galement musicien talentueux, partagera la sc\u00e8ne avec une musicienne renomm\u00e9e. Les notes musicales se m\u00ealeront harmonieusement aux coups de pinceau, cr\u00e9ant une synergie unique entre l&rsquo;art visuel et l&rsquo;art auditif.<\/p>\n\n\n\n<p>L&rsquo;\u00c9v\u00e9nement Incontournable : Si vous recherchez une soir\u00e9e culturelle qui transcende les fronti\u00e8res artistiques et \u00e9veille votre imagination, cet \u00e9v\u00e9nement est incontournable. Que vous soyez un passionn\u00e9 d&rsquo;art, un amateur de musique ou simplement \u00e0 la recherche d&rsquo;une exp\u00e9rience culturelle immersive, le vernissage accompagn\u00e9 du concert de Marc HANNIET promet d&rsquo;\u00e9merveiller vos sens et de nourrir votre esprit.<\/p>\n\n\n\n<p>La soir\u00e9e aura lieu le<strong> 8 Septembre a partir de 19h au 25 rue du Doyenn\u00e9 &#8211; Lyon 5.<\/strong>&nbsp;<\/p>\n\n\n\n<p>Pr\u00e9parez-vous \u00e0 \u00eatre transport\u00e9s dans un monde o\u00f9 l&rsquo;art visuel rencontre les m\u00e9lodies enchanteresses. Marc HANNIET, artiste MTA et visionnaire, vous invite \u00e0 une soir\u00e9e qui promet de laisser une empreinte durable dans votre esprit et votre c\u0153ur. Rejoignez-nous pour une c\u00e9l\u00e9bration de l&rsquo;art sous toutes ses formes lors de ce vernissage et concert exceptionnel.<\/p>\n","protected":false},"excerpt":{"rendered":"<p>Dans une convergence captivante de cr\u00e9ativit\u00e9 artistique, l&rsquo;artiste Marc HANNIET s&rsquo;appr\u00eate \u00e0 enchanter les sens et l&rsquo;\u00e2me avec une soir\u00e9e culturelle d&rsquo;exception. Un vernissage artistique novateur fusionnera avec les m\u00e9lodies envo\u00fbtantes d&rsquo;un concert live, offrant ainsi une exp\u00e9rience immersive unique qui \u00e9veillera l&rsquo;esprit et ravira les sens. Les portes du Studio Art Gallery s&rsquo;ouvriront une [&hellip;]<\/p>\n","protected":false},"author":1,"featured_media":2190,"comment_status":"closed","ping_status":"closed","sticky":false,"template":"","format":"gallery","meta":{"ocean_post_layout":"","ocean_both_sidebars_style":"","ocean_both_sidebars_content_width":0,"ocean_both_sidebars_sidebars_width":0,"ocean_sidebar":"0","ocean_second_sidebar":"0","ocean_disable_margins":"enable","ocean_add_body_class":"","ocean_shortcode_before_top_bar":"","ocean_shortcode_after_top_bar":"","ocean_shortcode_before_header":"","ocean_shortcode_after_header":"","ocean_has_shortcode":"","ocean_shortcode_after_title":"","ocean_shortcode_before_footer_widgets":"","ocean_shortcode_after_footer_widgets":"","ocean_shortcode_before_footer_bottom":"","ocean_shortcode_after_footer_bottom":"","ocean_display_top_bar":"default","ocean_display_header":"default","ocean_header_style":"","ocean_center_header_left_menu":"0","ocean_custom_header_template":"0","ocean_custom_logo":0,"ocean_custom_retina_logo":0,"ocean_custom_logo_max_width":0,"ocean_custom_logo_tablet_max_width":0,"ocean_custom_logo_mobile_max_width":0,"ocean_custom_logo_max_height":0,"ocean_custom_logo_tablet_max_height":0,"ocean_custom_logo_mobile_max_height":0,"ocean_header_custom_menu":"0","ocean_menu_typo_font_family":"0","ocean_menu_typo_font_subset":"","ocean_menu_typo_font_size":0,"ocean_menu_typo_font_size_tablet":0,"ocean_menu_typo_font_size_mobile":0,"ocean_menu_typo_font_size_unit":"px","ocean_menu_typo_font_weight":"","ocean_menu_typo_font_weight_tablet":"","ocean_menu_typo_font_weight_mobile":"","ocean_menu_typo_transform":"","ocean_menu_typo_transform_tablet":"","ocean_menu_typo_transform_mobile":"","ocean_menu_typo_line_height":0,"ocean_menu_typo_line_height_tablet":0,"ocean_menu_typo_line_height_mobile":0,"ocean_menu_typo_line_height_unit":"","ocean_menu_typo_spacing":0,"ocean_menu_typo_spacing_tablet":0,"ocean_menu_typo_spacing_mobile":0,"ocean_menu_typo_spacing_unit":"","ocean_menu_link_color":"","ocean_menu_link_color_hover":"","ocean_menu_link_color_active":"","ocean_menu_link_background":"","ocean_menu_link_hover_background":"","ocean_menu_link_active_background":"","ocean_menu_social_links_bg":"","ocean_menu_social_hover_links_bg":"","ocean_menu_social_links_color":"","ocean_menu_social_hover_links_color":"","ocean_disable_title":"default","ocean_disable_heading":"default","ocean_post_title":"Fusion Artistique In\u00e9dite","ocean_post_subheading":"Marc HANNIET pr\u00e9sente son D\u00e9vernissage Accompagn\u00e9 d'un Concert \u00c9v\u00e9nement","ocean_post_title_style":"","ocean_post_title_background_color":"","ocean_post_title_background":0,"ocean_post_title_bg_image_position":"","ocean_post_title_bg_image_attachment":"","ocean_post_title_bg_image_repeat":"","ocean_post_title_bg_image_size":"","ocean_post_title_height":0,"ocean_post_title_bg_overlay":0.5,"ocean_post_title_bg_overlay_color":"","ocean_disable_breadcrumbs":"default","ocean_breadcrumbs_color":"","ocean_breadcrumbs_separator_color":"","ocean_breadcrumbs_links_color":"","ocean_breadcrumbs_links_hover_color":"","ocean_display_footer_widgets":"default","ocean_display_footer_bottom":"default","ocean_custom_footer_template":"0","ocean_post_oembed":"","ocean_post_self_hosted_media":"","ocean_post_video_embed":"","ocean_link_format":"","ocean_link_format_target":"self","ocean_quote_format":"","ocean_quote_format_link":"post","ocean_gallery_link_images":"off","ocean_gallery_id":[],"footnotes":""},"categories":[10,20],"tags":[],"class_list":["post-2189","post","type-post","status-publish","format-gallery","has-post-thumbnail","hentry","category-actualite","category-art-gallery","post_format-post-format-gallery","entry","has-media"],"_links":{"self":[{"href":"http:\/\/www.studiotangoargentino.com\/index.php?rest_route=\/wp\/v2\/posts\/2189","targetHints":{"allow":["GET"]}}],"collection":[{"href":"http:\/\/www.studiotangoargentino.com\/index.php?rest_route=\/wp\/v2\/posts"}],"about":[{"href":"http:\/\/www.studiotangoargentino.com\/index.php?rest_route=\/wp\/v2\/types\/post"}],"author":[{"embeddable":true,"href":"http:\/\/www.studiotangoargentino.com\/index.php?rest_route=\/wp\/v2\/users\/1"}],"replies":[{"embeddable":true,"href":"http:\/\/www.studiotangoargentino.com\/index.php?rest_route=%2Fwp%2Fv2%2Fcomments&post=2189"}],"version-history":[{"count":2,"href":"http:\/\/www.studiotangoargentino.com\/index.php?rest_route=\/wp\/v2\/posts\/2189\/revisions"}],"predecessor-version":[{"id":2193,"href":"http:\/\/www.studiotangoargentino.com\/index.php?rest_route=\/wp\/v2\/posts\/2189\/revisions\/2193"}],"wp:featuredmedia":[{"embeddable":true,"href":"http:\/\/www.studiotangoargentino.com\/index.php?rest_route=\/wp\/v2\/media\/2190"}],"wp:attachment":[{"href":"http:\/\/www.studiotangoargentino.com\/index.php?rest_route=%2Fwp%2Fv2%2Fmedia&parent=2189"}],"wp:term":[{"taxonomy":"category","embeddable":true,"href":"http:\/\/www.studiotangoargentino.com\/index.php?rest_route=%2Fwp%2Fv2%2Fcategories&post=2189"},{"taxonomy":"post_tag","embeddable":true,"href":"http:\/\/www.studiotangoargentino.com\/index.php?rest_route=%2Fwp%2Fv2%2Ftags&post=2189"}],"curies":[{"name":"wp","href":"https:\/\/api.w.org\/{rel}","templated":true}]}}